{"id":5796,"date":"2021-04-10T12:58:38","date_gmt":"2021-04-10T10:58:38","guid":{"rendered":"https:\/\/www.masblanchijove.com\/?p=5796"},"modified":"2021-04-10T22:10:25","modified_gmt":"2021-04-10T20:10:25","slug":"el-vino-tinto-sao-expressiu-de-la-bodega-mas-blanch-i-jove-gana-el-gran-gold-medal-en-el-catavinum-world-wine-awards-3","status":"publish","type":"post","link":"https:\/\/www.masblanchijove.com\/es\/2021\/04\/10\/el-vino-tinto-sao-expressiu-de-la-bodega-mas-blanch-i-jove-gana-el-gran-gold-medal-en-el-catavinum-world-wine-awards-3\/","title":{"rendered":"93 puntos Decanter para el vino Troballa Blanc 2019"},"content":{"rendered":"<div class=\"fusion-fullwidth fullwidth-box fusion-builder-row-1 nonhundred-percent-fullwidth non-hundred-percent-height-scrolling\" style=\"--awb-border-radius-top-left:0px;--awb-border-radius-top-right:0px;--awb-border-radius-bottom-right:0px;--awb-border-radius-bottom-left:0px;--awb-flex-wrap:wrap;\" ><div class=\"fusion-builder-row fusion-row\"><div class=\"fusion-layout-column fusion_builder_column fusion-builder-column-0 fusion_builder_column_1_1 1_1 fusion-one-full fusion-column-first fusion-column-last\" style=\"--awb-bg-size:cover;--awb-margin-bottom:0px;\"><div class=\"fusion-column-wrapper fusion-flex-column-wrapper-legacy\"><div class=\"fusion-text fusion-text-1\"><p>93 PUNTOS Y LA MENCI\u00d3N DE \u00abHIGHLY RECOMMENDABLE\u00bb para la TROBALLA BLANCA 2019<\/p>\n<ul>\n<li>Este vino de la DO Costers del Segre, est\u00e1 entre los Top20 de los vinos catados<\/li>\n<li>El vino de Lleida Troballa Blanc ha sido incluido en la cata de los vinos blancos de variedades aut\u00f3ctonas que que valora vinos espa\u00f1oles de uvas tradicionales<\/li>\n<\/ul>\n<p>La prestigiosa revista Decanter ha puntuado nuestro Troballa blanc 2019 con 93\/100 punts y lo han considerado Highly recommendable (altamente recomendable) en su cata de vinos blancos espa\u00f1oles de variedades ind\u00edgenas. El Troballa blanc ha sido situado en el Top 20 de todos los vinos catados en esta categor\u00eda.<\/p>\n<p>Estos premios se suman a otros que esta bodega de Lleida ya ha obtenido tanto a nivel nacional como internacional. Tanto la Wine Advocate del prestigioso cr\u00edtico norteamericano Robert Parker, la revista Wine Enthusiast, la publicaci\u00f3n Vinous, as\u00ed como la Gu\u00eda Pe\u00f1\u00edn y la Guia de Vins de Catalunya, han destacado la alta calidad de los vinos de Mas Blanch i Jov\u00e9 que tambi\u00e9n han resultado ganadores de premios en otros concursos prestigiosos como el ingl\u00e9s Decanter World Wine Awards, la revista francesa Gilbert &amp; Gaillard, el Concours Mondiel de Bruxelles de B\u00e8lgica o los premios Vinari de Catalu\u00f1a.<\/p>\n<p>Se puede ver el listado de vinos premiados aqu\u00ed: http:\/\/www.revistadelvino.es\/2021\/04\/04\/el-exito-de-los-blancos-espanoles-de-variedades-locales-segun-decanter\/<\/p>\n<\/div><div class=\"fusion-clearfix\"><\/div><\/div><\/div><\/div><\/div>\n","protected":false},"excerpt":{"rendered":"","protected":false},"author":6,"featured_media":5803,"comment_status":"open","ping_status":"open","sticky":false,"template":"","format":"standard","meta":{"footnotes":""},"categories":[146],"tags":[],"class_list":["post-5796","post","type-post","status-publish","format-standard","has-post-thumbnail","hentry","category-reconocimientos"],"yoast_head":"<!-- This site is optimized with the Yoast SEO plugin v27.5 - https:\/\/yoast.com\/product\/yoast-seo-wordpress\/ -->\n<title>El vino Troballa blanc entre los top 20 en la cata de variedades blancas aut\u00f3ctonas y espa\u00f1olas de Decanter.<\/title>\n<meta name=\"description\" content=\"93 puntos para el Troballa blanc de Mas Blanch i Jov\u00e9 para la prestigiosa revista Decanter en su cata de variedades aut\u00f3ctonas.\" \/>\n<meta name=\"robots\" content=\"index, follow, max-snippet:-1, max-image-preview:large, max-video-preview:-1\" \/>\n<link rel=\"canonical\" href=\"https:\/\/www.masblanchijove.com\/es\/2021\/04\/10\/el-vino-tinto-sao-expressiu-de-la-bodega-mas-blanch-i-jove-gana-el-gran-gold-medal-en-el-catavinum-world-wine-awards-3\/\" \/>\n<meta property=\"og:locale\" content=\"es_ES\" \/>\n<meta property=\"og:type\" content=\"article\" \/>\n<meta property=\"og:title\" content=\"El vino Troballa blanc entre los top 20 en la cata de variedades blancas aut\u00f3ctonas y espa\u00f1olas de Decanter.\" \/>\n<meta property=\"og:description\" content=\"93 puntos para el Troballa blanc de Mas Blanch i Jov\u00e9 para la prestigiosa revista Decanter en su cata de variedades aut\u00f3ctonas.\" \/>\n<meta property=\"og:url\" content=\"https:\/\/www.masblanchijove.com\/es\/2021\/04\/10\/el-vino-tinto-sao-expressiu-de-la-bodega-mas-blanch-i-jove-gana-el-gran-gold-medal-en-el-catavinum-world-wine-awards-3\/\" \/>\n<meta property=\"og:site_name\" content=\"Mas Blanch i Jov\u00e9\" \/>\n<meta property=\"article:publisher\" content=\"https:\/\/www.facebook.com\/masblanchijove\" \/>\n<meta property=\"article:published_time\" content=\"2021-04-10T10:58:38+00:00\" \/>\n<meta property=\"article:modified_time\" content=\"2021-04-10T20:10:25+00:00\" \/>\n<meta property=\"og:image\" content=\"https:\/\/www.masblanchijove.com\/wp-content\/uploads\/2021\/04\/Troballa-blanca-neu.jpg\" \/>\n\t<meta property=\"og:image:width\" content=\"633\" \/>\n\t<meta property=\"og:image:height\" content=\"1019\" \/>\n\t<meta property=\"og:image:type\" content=\"image\/jpeg\" \/>\n<meta name=\"author\" content=\"sara\" \/>\n<meta name=\"twitter:card\" content=\"summary_large_image\" \/>\n<meta name=\"twitter:creator\" content=\"@masblanchijove\" \/>\n<meta name=\"twitter:site\" content=\"@masblanchijove\" \/>\n<meta name=\"twitter:label1\" content=\"Escrito por\" \/>\n\t<meta name=\"twitter:data1\" content=\"sara\" \/>\n\t<meta name=\"twitter:label2\" content=\"Tiempo de lectura\" \/>\n\t<meta name=\"twitter:data2\" content=\"2 minutos\" \/>\n<script type=\"application\/ld+json\" class=\"yoast-schema-graph\">{\"@context\":\"https:\\\/\\\/schema.org\",\"@graph\":[{\"@type\":\"Article\",\"@id\":\"https:\\\/\\\/www.masblanchijove.com\\\/es\\\/2021\\\/04\\\/10\\\/el-vino-tinto-sao-expressiu-de-la-bodega-mas-blanch-i-jove-gana-el-gran-gold-medal-en-el-catavinum-world-wine-awards-3\\\/#article\",\"isPartOf\":{\"@id\":\"https:\\\/\\\/www.masblanchijove.com\\\/es\\\/2021\\\/04\\\/10\\\/el-vino-tinto-sao-expressiu-de-la-bodega-mas-blanch-i-jove-gana-el-gran-gold-medal-en-el-catavinum-world-wine-awards-3\\\/\"},\"author\":{\"name\":\"sara\",\"@id\":\"https:\\\/\\\/www.masblanchijove.com\\\/es\\\/#\\\/schema\\\/person\\\/98ac124d50f1864914cddbc4fc31e1a2\"},\"headline\":\"93 puntos Decanter para el vino Troballa Blanc 2019\",\"datePublished\":\"2021-04-10T10:58:38+00:00\",\"dateModified\":\"2021-04-10T20:10:25+00:00\",\"mainEntityOfPage\":{\"@id\":\"https:\\\/\\\/www.masblanchijove.com\\\/es\\\/2021\\\/04\\\/10\\\/el-vino-tinto-sao-expressiu-de-la-bodega-mas-blanch-i-jove-gana-el-gran-gold-medal-en-el-catavinum-world-wine-awards-3\\\/\"},\"wordCount\":465,\"commentCount\":0,\"publisher\":{\"@id\":\"https:\\\/\\\/www.masblanchijove.com\\\/es\\\/#organization\"},\"image\":{\"@id\":\"https:\\\/\\\/www.masblanchijove.com\\\/es\\\/2021\\\/04\\\/10\\\/el-vino-tinto-sao-expressiu-de-la-bodega-mas-blanch-i-jove-gana-el-gran-gold-medal-en-el-catavinum-world-wine-awards-3\\\/#primaryimage\"},\"thumbnailUrl\":\"https:\\\/\\\/www.masblanchijove.com\\\/wp-content\\\/uploads\\\/2021\\\/04\\\/Troballa-blanca-neu.jpg\",\"articleSection\":[\"Reconocimientos\"],\"inLanguage\":\"es\",\"potentialAction\":[{\"@type\":\"CommentAction\",\"name\":\"Comment\",\"target\":[\"https:\\\/\\\/www.masblanchijove.com\\\/es\\\/2021\\\/04\\\/10\\\/el-vino-tinto-sao-expressiu-de-la-bodega-mas-blanch-i-jove-gana-el-gran-gold-medal-en-el-catavinum-world-wine-awards-3\\\/#respond\"]}]},{\"@type\":\"WebPage\",\"@id\":\"https:\\\/\\\/www.masblanchijove.com\\\/es\\\/2021\\\/04\\\/10\\\/el-vino-tinto-sao-expressiu-de-la-bodega-mas-blanch-i-jove-gana-el-gran-gold-medal-en-el-catavinum-world-wine-awards-3\\\/\",\"url\":\"https:\\\/\\\/www.masblanchijove.com\\\/es\\\/2021\\\/04\\\/10\\\/el-vino-tinto-sao-expressiu-de-la-bodega-mas-blanch-i-jove-gana-el-gran-gold-medal-en-el-catavinum-world-wine-awards-3\\\/\",\"name\":\"El vino Troballa blanc entre los top 20 en la cata de variedades blancas aut\u00f3ctonas y espa\u00f1olas de Decanter.\",\"isPartOf\":{\"@id\":\"https:\\\/\\\/www.masblanchijove.com\\\/es\\\/#website\"},\"primaryImageOfPage\":{\"@id\":\"https:\\\/\\\/www.masblanchijove.com\\\/es\\\/2021\\\/04\\\/10\\\/el-vino-tinto-sao-expressiu-de-la-bodega-mas-blanch-i-jove-gana-el-gran-gold-medal-en-el-catavinum-world-wine-awards-3\\\/#primaryimage\"},\"image\":{\"@id\":\"https:\\\/\\\/www.masblanchijove.com\\\/es\\\/2021\\\/04\\\/10\\\/el-vino-tinto-sao-expressiu-de-la-bodega-mas-blanch-i-jove-gana-el-gran-gold-medal-en-el-catavinum-world-wine-awards-3\\\/#primaryimage\"},\"thumbnailUrl\":\"https:\\\/\\\/www.masblanchijove.com\\\/wp-content\\\/uploads\\\/2021\\\/04\\\/Troballa-blanca-neu.jpg\",\"datePublished\":\"2021-04-10T10:58:38+00:00\",\"dateModified\":\"2021-04-10T20:10:25+00:00\",\"description\":\"93 puntos para el Troballa blanc de Mas Blanch i Jov\u00e9 para la prestigiosa revista Decanter en su cata de variedades aut\u00f3ctonas.\",\"breadcrumb\":{\"@id\":\"https:\\\/\\\/www.masblanchijove.com\\\/es\\\/2021\\\/04\\\/10\\\/el-vino-tinto-sao-expressiu-de-la-bodega-mas-blanch-i-jove-gana-el-gran-gold-medal-en-el-catavinum-world-wine-awards-3\\\/#breadcrumb\"},\"inLanguage\":\"es\",\"potentialAction\":[{\"@type\":\"ReadAction\",\"target\":[\"https:\\\/\\\/www.masblanchijove.com\\\/es\\\/2021\\\/04\\\/10\\\/el-vino-tinto-sao-expressiu-de-la-bodega-mas-blanch-i-jove-gana-el-gran-gold-medal-en-el-catavinum-world-wine-awards-3\\\/\"]}]},{\"@type\":\"ImageObject\",\"inLanguage\":\"es\",\"@id\":\"https:\\\/\\\/www.masblanchijove.com\\\/es\\\/2021\\\/04\\\/10\\\/el-vino-tinto-sao-expressiu-de-la-bodega-mas-blanch-i-jove-gana-el-gran-gold-medal-en-el-catavinum-world-wine-awards-3\\\/#primaryimage\",\"url\":\"https:\\\/\\\/www.masblanchijove.com\\\/wp-content\\\/uploads\\\/2021\\\/04\\\/Troballa-blanca-neu.jpg\",\"contentUrl\":\"https:\\\/\\\/www.masblanchijove.com\\\/wp-content\\\/uploads\\\/2021\\\/04\\\/Troballa-blanca-neu.jpg\",\"width\":633,\"height\":1019,\"caption\":\"Troballa blanca guanyadora revista Decanter, vi de Lleida, DO Costers del Segre\"},{\"@type\":\"BreadcrumbList\",\"@id\":\"https:\\\/\\\/www.masblanchijove.com\\\/es\\\/2021\\\/04\\\/10\\\/el-vino-tinto-sao-expressiu-de-la-bodega-mas-blanch-i-jove-gana-el-gran-gold-medal-en-el-catavinum-world-wine-awards-3\\\/#breadcrumb\",\"itemListElement\":[{\"@type\":\"ListItem\",\"position\":1,\"name\":\"Inici\",\"item\":\"https:\\\/\\\/www.masblanchijove.com\\\/es\\\/\"},{\"@type\":\"ListItem\",\"position\":2,\"name\":\"93 puntos Decanter para el vino Troballa Blanc 2019\"}]},{\"@type\":\"WebSite\",\"@id\":\"https:\\\/\\\/www.masblanchijove.com\\\/es\\\/#website\",\"url\":\"https:\\\/\\\/www.masblanchijove.com\\\/es\\\/\",\"name\":\"Mas Blanch i Jov\u00e9\",\"description\":\"Mas Blanch i Jov\u00e9\",\"publisher\":{\"@id\":\"https:\\\/\\\/www.masblanchijove.com\\\/es\\\/#organization\"},\"potentialAction\":[{\"@type\":\"SearchAction\",\"target\":{\"@type\":\"EntryPoint\",\"urlTemplate\":\"https:\\\/\\\/www.masblanchijove.com\\\/es\\\/?s={search_term_string}\"},\"query-input\":{\"@type\":\"PropertyValueSpecification\",\"valueRequired\":true,\"valueName\":\"search_term_string\"}}],\"inLanguage\":\"es\"},{\"@type\":\"Organization\",\"@id\":\"https:\\\/\\\/www.masblanchijove.com\\\/es\\\/#organization\",\"name\":\"Mas Blanch i Jov\u00e9\",\"url\":\"https:\\\/\\\/www.masblanchijove.com\\\/es\\\/\",\"logo\":{\"@type\":\"ImageObject\",\"inLanguage\":\"es\",\"@id\":\"https:\\\/\\\/www.masblanchijove.com\\\/es\\\/#\\\/schema\\\/logo\\\/image\\\/\",\"url\":\"https:\\\/\\\/www.masblanchijove.com\\\/wp-content\\\/uploads\\\/2018\\\/03\\\/LogoMasBlanchiJove_gris_gran.png\",\"contentUrl\":\"https:\\\/\\\/www.masblanchijove.com\\\/wp-content\\\/uploads\\\/2018\\\/03\\\/LogoMasBlanchiJove_gris_gran.png\",\"width\":508,\"height\":173,\"caption\":\"Mas Blanch i Jov\u00e9\"},\"image\":{\"@id\":\"https:\\\/\\\/www.masblanchijove.com\\\/es\\\/#\\\/schema\\\/logo\\\/image\\\/\"},\"sameAs\":[\"https:\\\/\\\/www.facebook.com\\\/masblanchijove\",\"https:\\\/\\\/x.com\\\/masblanchijove\",\"https:\\\/\\\/www.instagram.com\\\/masblanchijove\\\/\"]},{\"@type\":\"Person\",\"@id\":\"https:\\\/\\\/www.masblanchijove.com\\\/es\\\/#\\\/schema\\\/person\\\/98ac124d50f1864914cddbc4fc31e1a2\",\"name\":\"sara\",\"image\":{\"@type\":\"ImageObject\",\"inLanguage\":\"es\",\"@id\":\"https:\\\/\\\/secure.gravatar.com\\\/avatar\\\/38a5e03a4bf65a807524f4da9168ec60580bf0ab0e89b27fd3404fd744efdd5b?s=96&d=mm&r=g\",\"url\":\"https:\\\/\\\/secure.gravatar.com\\\/avatar\\\/38a5e03a4bf65a807524f4da9168ec60580bf0ab0e89b27fd3404fd744efdd5b?s=96&d=mm&r=g\",\"contentUrl\":\"https:\\\/\\\/secure.gravatar.com\\\/avatar\\\/38a5e03a4bf65a807524f4da9168ec60580bf0ab0e89b27fd3404fd744efdd5b?s=96&d=mm&r=g\",\"caption\":\"sara\"}}]}<\/script>\n<!-- \/ Yoast SEO plugin. -->","yoast_head_json":{"title":"El vino Troballa blanc entre los top 20 en la cata de variedades blancas aut\u00f3ctonas y espa\u00f1olas de Decanter.","description":"93 puntos para el Troballa blanc de Mas Blanch i Jov\u00e9 para la prestigiosa revista Decanter en su cata de variedades aut\u00f3ctonas.","robots":{"index":"index","follow":"follow","max-snippet":"max-snippet:-1","max-image-preview":"max-image-preview:large","max-video-preview":"max-video-preview:-1"},"canonical":"https:\/\/www.masblanchijove.com\/es\/2021\/04\/10\/el-vino-tinto-sao-expressiu-de-la-bodega-mas-blanch-i-jove-gana-el-gran-gold-medal-en-el-catavinum-world-wine-awards-3\/","og_locale":"es_ES","og_type":"article","og_title":"El vino Troballa blanc entre los top 20 en la cata de variedades blancas aut\u00f3ctonas y espa\u00f1olas de Decanter.","og_description":"93 puntos para el Troballa blanc de Mas Blanch i Jov\u00e9 para la prestigiosa revista Decanter en su cata de variedades aut\u00f3ctonas.","og_url":"https:\/\/www.masblanchijove.com\/es\/2021\/04\/10\/el-vino-tinto-sao-expressiu-de-la-bodega-mas-blanch-i-jove-gana-el-gran-gold-medal-en-el-catavinum-world-wine-awards-3\/","og_site_name":"Mas Blanch i Jov\u00e9","article_publisher":"https:\/\/www.facebook.com\/masblanchijove","article_published_time":"2021-04-10T10:58:38+00:00","article_modified_time":"2021-04-10T20:10:25+00:00","og_image":[{"width":633,"height":1019,"url":"https:\/\/www.masblanchijove.com\/wp-content\/uploads\/2021\/04\/Troballa-blanca-neu.jpg","type":"image\/jpeg"}],"author":"sara","twitter_card":"summary_large_image","twitter_creator":"@masblanchijove","twitter_site":"@masblanchijove","twitter_misc":{"Escrito por":"sara","Tiempo de lectura":"2 minutos"},"schema":{"@context":"https:\/\/schema.org","@graph":[{"@type":"Article","@id":"https:\/\/www.masblanchijove.com\/es\/2021\/04\/10\/el-vino-tinto-sao-expressiu-de-la-bodega-mas-blanch-i-jove-gana-el-gran-gold-medal-en-el-catavinum-world-wine-awards-3\/#article","isPartOf":{"@id":"https:\/\/www.masblanchijove.com\/es\/2021\/04\/10\/el-vino-tinto-sao-expressiu-de-la-bodega-mas-blanch-i-jove-gana-el-gran-gold-medal-en-el-catavinum-world-wine-awards-3\/"},"author":{"name":"sara","@id":"https:\/\/www.masblanchijove.com\/es\/#\/schema\/person\/98ac124d50f1864914cddbc4fc31e1a2"},"headline":"93 puntos Decanter para el vino Troballa Blanc 2019","datePublished":"2021-04-10T10:58:38+00:00","dateModified":"2021-04-10T20:10:25+00:00","mainEntityOfPage":{"@id":"https:\/\/www.masblanchijove.com\/es\/2021\/04\/10\/el-vino-tinto-sao-expressiu-de-la-bodega-mas-blanch-i-jove-gana-el-gran-gold-medal-en-el-catavinum-world-wine-awards-3\/"},"wordCount":465,"commentCount":0,"publisher":{"@id":"https:\/\/www.masblanchijove.com\/es\/#organization"},"image":{"@id":"https:\/\/www.masblanchijove.com\/es\/2021\/04\/10\/el-vino-tinto-sao-expressiu-de-la-bodega-mas-blanch-i-jove-gana-el-gran-gold-medal-en-el-catavinum-world-wine-awards-3\/#primaryimage"},"thumbnailUrl":"https:\/\/www.masblanchijove.com\/wp-content\/uploads\/2021\/04\/Troballa-blanca-neu.jpg","articleSection":["Reconocimientos"],"inLanguage":"es","potentialAction":[{"@type":"CommentAction","name":"Comment","target":["https:\/\/www.masblanchijove.com\/es\/2021\/04\/10\/el-vino-tinto-sao-expressiu-de-la-bodega-mas-blanch-i-jove-gana-el-gran-gold-medal-en-el-catavinum-world-wine-awards-3\/#respond"]}]},{"@type":"WebPage","@id":"https:\/\/www.masblanchijove.com\/es\/2021\/04\/10\/el-vino-tinto-sao-expressiu-de-la-bodega-mas-blanch-i-jove-gana-el-gran-gold-medal-en-el-catavinum-world-wine-awards-3\/","url":"https:\/\/www.masblanchijove.com\/es\/2021\/04\/10\/el-vino-tinto-sao-expressiu-de-la-bodega-mas-blanch-i-jove-gana-el-gran-gold-medal-en-el-catavinum-world-wine-awards-3\/","name":"El vino Troballa blanc entre los top 20 en la cata de variedades blancas aut\u00f3ctonas y espa\u00f1olas de Decanter.","isPartOf":{"@id":"https:\/\/www.masblanchijove.com\/es\/#website"},"primaryImageOfPage":{"@id":"https:\/\/www.masblanchijove.com\/es\/2021\/04\/10\/el-vino-tinto-sao-expressiu-de-la-bodega-mas-blanch-i-jove-gana-el-gran-gold-medal-en-el-catavinum-world-wine-awards-3\/#primaryimage"},"image":{"@id":"https:\/\/www.masblanchijove.com\/es\/2021\/04\/10\/el-vino-tinto-sao-expressiu-de-la-bodega-mas-blanch-i-jove-gana-el-gran-gold-medal-en-el-catavinum-world-wine-awards-3\/#primaryimage"},"thumbnailUrl":"https:\/\/www.masblanchijove.com\/wp-content\/uploads\/2021\/04\/Troballa-blanca-neu.jpg","datePublished":"2021-04-10T10:58:38+00:00","dateModified":"2021-04-10T20:10:25+00:00","description":"93 puntos para el Troballa blanc de Mas Blanch i Jov\u00e9 para la prestigiosa revista Decanter en su cata de variedades aut\u00f3ctonas.","breadcrumb":{"@id":"https:\/\/www.masblanchijove.com\/es\/2021\/04\/10\/el-vino-tinto-sao-expressiu-de-la-bodega-mas-blanch-i-jove-gana-el-gran-gold-medal-en-el-catavinum-world-wine-awards-3\/#breadcrumb"},"inLanguage":"es","potentialAction":[{"@type":"ReadAction","target":["https:\/\/www.masblanchijove.com\/es\/2021\/04\/10\/el-vino-tinto-sao-expressiu-de-la-bodega-mas-blanch-i-jove-gana-el-gran-gold-medal-en-el-catavinum-world-wine-awards-3\/"]}]},{"@type":"ImageObject","inLanguage":"es","@id":"https:\/\/www.masblanchijove.com\/es\/2021\/04\/10\/el-vino-tinto-sao-expressiu-de-la-bodega-mas-blanch-i-jove-gana-el-gran-gold-medal-en-el-catavinum-world-wine-awards-3\/#primaryimage","url":"https:\/\/www.masblanchijove.com\/wp-content\/uploads\/2021\/04\/Troballa-blanca-neu.jpg","contentUrl":"https:\/\/www.masblanchijove.com\/wp-content\/uploads\/2021\/04\/Troballa-blanca-neu.jpg","width":633,"height":1019,"caption":"Troballa blanca guanyadora revista Decanter, vi de Lleida, DO Costers del Segre"},{"@type":"BreadcrumbList","@id":"https:\/\/www.masblanchijove.com\/es\/2021\/04\/10\/el-vino-tinto-sao-expressiu-de-la-bodega-mas-blanch-i-jove-gana-el-gran-gold-medal-en-el-catavinum-world-wine-awards-3\/#breadcrumb","itemListElement":[{"@type":"ListItem","position":1,"name":"Inici","item":"https:\/\/www.masblanchijove.com\/es\/"},{"@type":"ListItem","position":2,"name":"93 puntos Decanter para el vino Troballa Blanc 2019"}]},{"@type":"WebSite","@id":"https:\/\/www.masblanchijove.com\/es\/#website","url":"https:\/\/www.masblanchijove.com\/es\/","name":"Mas Blanch i Jov\u00e9","description":"Mas Blanch i Jov\u00e9","publisher":{"@id":"https:\/\/www.masblanchijove.com\/es\/#organization"},"potentialAction":[{"@type":"SearchAction","target":{"@type":"EntryPoint","urlTemplate":"https:\/\/www.masblanchijove.com\/es\/?s={search_term_string}"},"query-input":{"@type":"PropertyValueSpecification","valueRequired":true,"valueName":"search_term_string"}}],"inLanguage":"es"},{"@type":"Organization","@id":"https:\/\/www.masblanchijove.com\/es\/#organization","name":"Mas Blanch i Jov\u00e9","url":"https:\/\/www.masblanchijove.com\/es\/","logo":{"@type":"ImageObject","inLanguage":"es","@id":"https:\/\/www.masblanchijove.com\/es\/#\/schema\/logo\/image\/","url":"https:\/\/www.masblanchijove.com\/wp-content\/uploads\/2018\/03\/LogoMasBlanchiJove_gris_gran.png","contentUrl":"https:\/\/www.masblanchijove.com\/wp-content\/uploads\/2018\/03\/LogoMasBlanchiJove_gris_gran.png","width":508,"height":173,"caption":"Mas Blanch i Jov\u00e9"},"image":{"@id":"https:\/\/www.masblanchijove.com\/es\/#\/schema\/logo\/image\/"},"sameAs":["https:\/\/www.facebook.com\/masblanchijove","https:\/\/x.com\/masblanchijove","https:\/\/www.instagram.com\/masblanchijove\/"]},{"@type":"Person","@id":"https:\/\/www.masblanchijove.com\/es\/#\/schema\/person\/98ac124d50f1864914cddbc4fc31e1a2","name":"sara","image":{"@type":"ImageObject","inLanguage":"es","@id":"https:\/\/secure.gravatar.com\/avatar\/38a5e03a4bf65a807524f4da9168ec60580bf0ab0e89b27fd3404fd744efdd5b?s=96&d=mm&r=g","url":"https:\/\/secure.gravatar.com\/avatar\/38a5e03a4bf65a807524f4da9168ec60580bf0ab0e89b27fd3404fd744efdd5b?s=96&d=mm&r=g","contentUrl":"https:\/\/secure.gravatar.com\/avatar\/38a5e03a4bf65a807524f4da9168ec60580bf0ab0e89b27fd3404fd744efdd5b?s=96&d=mm&r=g","caption":"sara"}}]}},"_links":{"self":[{"href":"https:\/\/www.masblanchijove.com\/es\/wp-json\/wp\/v2\/posts\/5796","targetHints":{"allow":["GET"]}}],"collection":[{"href":"https:\/\/www.masblanchijove.com\/es\/wp-json\/wp\/v2\/posts"}],"about":[{"href":"https:\/\/www.masblanchijove.com\/es\/wp-json\/wp\/v2\/types\/post"}],"author":[{"embeddable":true,"href":"https:\/\/www.masblanchijove.com\/es\/wp-json\/wp\/v2\/users\/6"}],"replies":[{"embeddable":true,"href":"https:\/\/www.masblanchijove.com\/es\/wp-json\/wp\/v2\/comments?post=5796"}],"version-history":[{"count":8,"href":"https:\/\/www.masblanchijove.com\/es\/wp-json\/wp\/v2\/posts\/5796\/revisions"}],"predecessor-version":[{"id":5813,"href":"https:\/\/www.masblanchijove.com\/es\/wp-json\/wp\/v2\/posts\/5796\/revisions\/5813"}],"wp:featuredmedia":[{"embeddable":true,"href":"https:\/\/www.masblanchijove.com\/es\/wp-json\/wp\/v2\/media\/5803"}],"wp:attachment":[{"href":"https:\/\/www.masblanchijove.com\/es\/wp-json\/wp\/v2\/media?parent=5796"}],"wp:term":[{"taxonomy":"category","embeddable":true,"href":"https:\/\/www.masblanchijove.com\/es\/wp-json\/wp\/v2\/categories?post=5796"},{"taxonomy":"post_tag","embeddable":true,"href":"https:\/\/www.masblanchijove.com\/es\/wp-json\/wp\/v2\/tags?post=5796"}],"curies":[{"name":"wp","href":"https:\/\/api.w.org\/{rel}","templated":true}]}}