{"id":8146,"date":"2024-02-26T11:25:32","date_gmt":"2024-02-26T09:25:32","guid":{"rendered":"https:\/\/www.masblanchijove.com\/?p=8146"},"modified":"2024-02-26T12:18:45","modified_gmt":"2024-02-26T10:18:45","slug":"sonia","status":"publish","type":"post","link":"https:\/\/www.masblanchijove.com\/es\/2024\/02\/26\/sonia\/","title":{"rendered":"S\u00e1bado 2 de marzo. Esposici\u00f3n \u00abSomni Creatiu\u00bb de Sonia Alins + concierto de jazz + cata de vinos y aceites"},"content":{"rendered":"<div class=\"fusion-fullwidth fullwidth-box fusion-builder-row-1 nonhundred-percent-fullwidth non-hundred-percent-height-scrolling\" style=\"--awb-border-radius-top-left:0px;--awb-border-radius-top-right:0px;--awb-border-radius-bottom-right:0px;--awb-border-radius-bottom-left:0px;--awb-flex-wrap:wrap;\" ><div class=\"fusion-builder-row fusion-row\"><div class=\"fusion-layout-column fusion_builder_column fusion-builder-column-0 fusion_builder_column_1_1 1_1 fusion-one-full fusion-column-first fusion-column-last\" style=\"--awb-bg-size:cover;--awb-margin-bottom:0px;\"><div class=\"fusion-column-wrapper fusion-flex-column-wrapper-legacy\"><div class=\"fusion-text fusion-text-1\"><p>\ud83c\udfa8 Exposici\u00f3n \u00abSue\u00f1o Creativo\u00bb de Sonia Alins Miquel \ud83d\udd8c\ufe0f + Concierto de Jazz + \ud83c\udf77 Degustaci\u00f3n de Vinos y Aceites Ecol\u00f3gicos \ud83c\udf47<\/p>\n<p>\ud83d\udcc5 Fecha: 2 de marzo a las 17h \ud83d\udccd Lugar: Celler Mas Blanch i Jov\u00e9, Pobla de C\u00e9rvoles<\/p>\n<p>Nos complace invitarte a la inauguraci\u00f3n de la exposici\u00f3n de la artista leridana Sonia Alins Miquel, una muestra cautivadora que te transportar\u00e1 a un universo surrealista y po\u00e9tico. Con una selecci\u00f3n de piezas que abarcan desde el a\u00f1o 2014 hasta la actualidad, \u00abSue\u00f1o Creativo\u00bb es mucho m\u00e1s que una simple exhibici\u00f3n de arte; es un viaje a trav\u00e9s de la imaginaci\u00f3n y la creatividad de una artista excepcional.<\/p>\n<p>Durante el evento de inauguraci\u00f3n, ser\u00e1s invitado a disfrutar de un concierto de jazz en vivo a cargo del grupo \u00abEquinox\u00bb, mientras disfrutas de una degustaci\u00f3n de vinos y aceites ecol\u00f3gicos.<\/p>\n<p>Descubre los secretos detr\u00e1s de las ic\u00f3nicas \u00abDones d&#8217;Aigua\u00bb, una serie premiada internacionalmente que ha cautivado la atenci\u00f3n del mundo del arte. Adem\u00e1s, tendr\u00e1s la oportunidad exclusiva de ser el primero en admirar las nuevas obras in\u00e9ditas de la artista, que se revelan por primera vez en esta exposici\u00f3n.<\/p>\n<p>\ud83c\udf9f\ufe0f Entradas y Detalles<\/p>\n<p>Las entradas para este evento especial tienen un precio de 8\u20ac en venta anticipada y 10\u20ac en taquilla. Las plazas son limitadas, as\u00ed que aseg\u00farate de reservar la tuya pronto para no perderte esta oportunidad \u00fanica.<\/p>\n<p>\u00danete a nosotros el 2 de marzo para una tarde m\u00e1gica de descubrimiento, inspiraci\u00f3n y placer sensorial en el Celler Mas Blanch i Jov\u00e9. \u00a1No faltes!<\/p>\n<\/div><div class=\"fusion-button-wrapper\"><a class=\"fusion-button button-flat fusion-button-default-size button-default fusion-button-default button-1 fusion-button-default-span fusion-button-default-type\" target=\"_self\" href=\"https:\/\/www.masblanchijove.com\/producte\/sonia\"><span class=\"fusion-button-text awb-button__text awb-button__text--default\">Comprar Entrada<\/span><\/a><\/div><div class=\"fusion-clearfix\"><\/div><\/div><\/div><\/div><\/div>\n","protected":false},"excerpt":{"rendered":"","protected":false},"author":6,"featured_media":8149,"comment_status":"open","ping_status":"open","sticky":false,"template":"","format":"standard","meta":{"footnotes":""},"categories":[16],"tags":[],"class_list":["post-8146","post","type-post","status-publish","format-standard","has-post-thumbnail","hentry","category-eventos"],"yoast_head":"<!-- This site is optimized with the Yoast SEO plugin v27.5 - https:\/\/yoast.com\/product\/yoast-seo-wordpress\/ -->\n<title>Sonia Alins presenta &quot;Somni creatiu&quot; con un concierto de jazz<\/title>\n<meta name=\"description\" content=\"El concierto tendr\u00e1 lugar en la sala de barricas de la bodega de la DO Costers del Segre situada en La Pobla de C\u00e9rvoles (Lleida)\" \/>\n<meta name=\"robots\" content=\"index, follow, max-snippet:-1, max-image-preview:large, max-video-preview:-1\" \/>\n<link rel=\"canonical\" href=\"https:\/\/www.masblanchijove.com\/es\/2024\/02\/26\/sonia\/\" \/>\n<meta property=\"og:locale\" content=\"es_ES\" \/>\n<meta property=\"og:type\" content=\"article\" \/>\n<meta property=\"og:title\" content=\"Sonia Alins presenta &quot;Somni creatiu&quot; con un concierto de jazz\" \/>\n<meta property=\"og:description\" content=\"El concierto tendr\u00e1 lugar en la sala de barricas de la bodega de la DO Costers del Segre situada en La Pobla de C\u00e9rvoles (Lleida)\" \/>\n<meta property=\"og:url\" content=\"https:\/\/www.masblanchijove.com\/es\/2024\/02\/26\/sonia\/\" \/>\n<meta property=\"og:site_name\" content=\"Mas Blanch i Jov\u00e9\" \/>\n<meta property=\"article:publisher\" content=\"https:\/\/www.facebook.com\/masblanchijove\" \/>\n<meta property=\"article:published_time\" content=\"2024-02-26T09:25:32+00:00\" \/>\n<meta property=\"article:modified_time\" content=\"2024-02-26T10:18:45+00:00\" \/>\n<meta property=\"og:image\" content=\"https:\/\/www.masblanchijove.com\/wp-content\/uploads\/2024\/02\/sonia_alins_1.jpg\" \/>\n\t<meta property=\"og:image:width\" content=\"2200\" \/>\n\t<meta property=\"og:image:height\" content=\"1468\" \/>\n\t<meta property=\"og:image:type\" content=\"image\/jpeg\" \/>\n<meta name=\"author\" content=\"sara\" \/>\n<meta name=\"twitter:card\" content=\"summary_large_image\" \/>\n<meta name=\"twitter:creator\" content=\"@masblanchijove\" \/>\n<meta name=\"twitter:site\" content=\"@masblanchijove\" \/>\n<meta name=\"twitter:label1\" content=\"Escrito por\" \/>\n\t<meta name=\"twitter:data1\" content=\"sara\" \/>\n\t<meta name=\"twitter:label2\" content=\"Tiempo de lectura\" \/>\n\t<meta name=\"twitter:data2\" content=\"2 minutos\" \/>\n<script type=\"application\/ld+json\" class=\"yoast-schema-graph\">{\"@context\":\"https:\\\/\\\/schema.org\",\"@graph\":[{\"@type\":\"Article\",\"@id\":\"https:\\\/\\\/www.masblanchijove.com\\\/es\\\/2024\\\/02\\\/26\\\/sonia\\\/#article\",\"isPartOf\":{\"@id\":\"https:\\\/\\\/www.masblanchijove.com\\\/es\\\/2024\\\/02\\\/26\\\/sonia\\\/\"},\"author\":{\"name\":\"sara\",\"@id\":\"https:\\\/\\\/www.masblanchijove.com\\\/es\\\/#\\\/schema\\\/person\\\/98ac124d50f1864914cddbc4fc31e1a2\"},\"headline\":\"S\u00e1bado 2 de marzo. Esposici\u00f3n \u00abSomni Creatiu\u00bb de Sonia Alins + concierto de jazz + cata de vinos y aceites\",\"datePublished\":\"2024-02-26T09:25:32+00:00\",\"dateModified\":\"2024-02-26T10:18:45+00:00\",\"mainEntityOfPage\":{\"@id\":\"https:\\\/\\\/www.masblanchijove.com\\\/es\\\/2024\\\/02\\\/26\\\/sonia\\\/\"},\"wordCount\":710,\"commentCount\":0,\"publisher\":{\"@id\":\"https:\\\/\\\/www.masblanchijove.com\\\/es\\\/#organization\"},\"image\":{\"@id\":\"https:\\\/\\\/www.masblanchijove.com\\\/es\\\/2024\\\/02\\\/26\\\/sonia\\\/#primaryimage\"},\"thumbnailUrl\":\"https:\\\/\\\/www.masblanchijove.com\\\/wp-content\\\/uploads\\\/2024\\\/02\\\/sonia_alins_1.jpg\",\"articleSection\":[\"eventos\"],\"inLanguage\":\"es\",\"potentialAction\":[{\"@type\":\"CommentAction\",\"name\":\"Comment\",\"target\":[\"https:\\\/\\\/www.masblanchijove.com\\\/es\\\/2024\\\/02\\\/26\\\/sonia\\\/#respond\"]}]},{\"@type\":\"WebPage\",\"@id\":\"https:\\\/\\\/www.masblanchijove.com\\\/es\\\/2024\\\/02\\\/26\\\/sonia\\\/\",\"url\":\"https:\\\/\\\/www.masblanchijove.com\\\/es\\\/2024\\\/02\\\/26\\\/sonia\\\/\",\"name\":\"Sonia Alins presenta \\\"Somni creatiu\\\" con un concierto de jazz\",\"isPartOf\":{\"@id\":\"https:\\\/\\\/www.masblanchijove.com\\\/es\\\/#website\"},\"primaryImageOfPage\":{\"@id\":\"https:\\\/\\\/www.masblanchijove.com\\\/es\\\/2024\\\/02\\\/26\\\/sonia\\\/#primaryimage\"},\"image\":{\"@id\":\"https:\\\/\\\/www.masblanchijove.com\\\/es\\\/2024\\\/02\\\/26\\\/sonia\\\/#primaryimage\"},\"thumbnailUrl\":\"https:\\\/\\\/www.masblanchijove.com\\\/wp-content\\\/uploads\\\/2024\\\/02\\\/sonia_alins_1.jpg\",\"datePublished\":\"2024-02-26T09:25:32+00:00\",\"dateModified\":\"2024-02-26T10:18:45+00:00\",\"description\":\"El concierto tendr\u00e1 lugar en la sala de barricas de la bodega de la DO Costers del Segre situada en La Pobla de C\u00e9rvoles (Lleida)\",\"breadcrumb\":{\"@id\":\"https:\\\/\\\/www.masblanchijove.com\\\/es\\\/2024\\\/02\\\/26\\\/sonia\\\/#breadcrumb\"},\"inLanguage\":\"es\",\"potentialAction\":[{\"@type\":\"ReadAction\",\"target\":[\"https:\\\/\\\/www.masblanchijove.com\\\/es\\\/2024\\\/02\\\/26\\\/sonia\\\/\"]}]},{\"@type\":\"ImageObject\",\"inLanguage\":\"es\",\"@id\":\"https:\\\/\\\/www.masblanchijove.com\\\/es\\\/2024\\\/02\\\/26\\\/sonia\\\/#primaryimage\",\"url\":\"https:\\\/\\\/www.masblanchijove.com\\\/wp-content\\\/uploads\\\/2024\\\/02\\\/sonia_alins_1.jpg\",\"contentUrl\":\"https:\\\/\\\/www.masblanchijove.com\\\/wp-content\\\/uploads\\\/2024\\\/02\\\/sonia_alins_1.jpg\",\"width\":2200,\"height\":1468,\"caption\":\"S\u00f2nia Alins\"},{\"@type\":\"BreadcrumbList\",\"@id\":\"https:\\\/\\\/www.masblanchijove.com\\\/es\\\/2024\\\/02\\\/26\\\/sonia\\\/#breadcrumb\",\"itemListElement\":[{\"@type\":\"ListItem\",\"position\":1,\"name\":\"Inici\",\"item\":\"https:\\\/\\\/www.masblanchijove.com\\\/es\\\/\"},{\"@type\":\"ListItem\",\"position\":2,\"name\":\"S\u00e1bado 2 de marzo. Esposici\u00f3n &#8220;Somni Creatiu&#8221; de Sonia Alins + concierto de jazz + cata de vinos y aceites\"}]},{\"@type\":\"WebSite\",\"@id\":\"https:\\\/\\\/www.masblanchijove.com\\\/es\\\/#website\",\"url\":\"https:\\\/\\\/www.masblanchijove.com\\\/es\\\/\",\"name\":\"Mas Blanch i Jov\u00e9\",\"description\":\"Mas Blanch i Jov\u00e9\",\"publisher\":{\"@id\":\"https:\\\/\\\/www.masblanchijove.com\\\/es\\\/#organization\"},\"potentialAction\":[{\"@type\":\"SearchAction\",\"target\":{\"@type\":\"EntryPoint\",\"urlTemplate\":\"https:\\\/\\\/www.masblanchijove.com\\\/es\\\/?s={search_term_string}\"},\"query-input\":{\"@type\":\"PropertyValueSpecification\",\"valueRequired\":true,\"valueName\":\"search_term_string\"}}],\"inLanguage\":\"es\"},{\"@type\":\"Organization\",\"@id\":\"https:\\\/\\\/www.masblanchijove.com\\\/es\\\/#organization\",\"name\":\"Mas Blanch i Jov\u00e9\",\"url\":\"https:\\\/\\\/www.masblanchijove.com\\\/es\\\/\",\"logo\":{\"@type\":\"ImageObject\",\"inLanguage\":\"es\",\"@id\":\"https:\\\/\\\/www.masblanchijove.com\\\/es\\\/#\\\/schema\\\/logo\\\/image\\\/\",\"url\":\"https:\\\/\\\/www.masblanchijove.com\\\/wp-content\\\/uploads\\\/2018\\\/03\\\/LogoMasBlanchiJove_gris_gran.png\",\"contentUrl\":\"https:\\\/\\\/www.masblanchijove.com\\\/wp-content\\\/uploads\\\/2018\\\/03\\\/LogoMasBlanchiJove_gris_gran.png\",\"width\":508,\"height\":173,\"caption\":\"Mas Blanch i Jov\u00e9\"},\"image\":{\"@id\":\"https:\\\/\\\/www.masblanchijove.com\\\/es\\\/#\\\/schema\\\/logo\\\/image\\\/\"},\"sameAs\":[\"https:\\\/\\\/www.facebook.com\\\/masblanchijove\",\"https:\\\/\\\/x.com\\\/masblanchijove\",\"https:\\\/\\\/www.instagram.com\\\/masblanchijove\\\/\"]},{\"@type\":\"Person\",\"@id\":\"https:\\\/\\\/www.masblanchijove.com\\\/es\\\/#\\\/schema\\\/person\\\/98ac124d50f1864914cddbc4fc31e1a2\",\"name\":\"sara\",\"image\":{\"@type\":\"ImageObject\",\"inLanguage\":\"es\",\"@id\":\"https:\\\/\\\/secure.gravatar.com\\\/avatar\\\/38a5e03a4bf65a807524f4da9168ec60580bf0ab0e89b27fd3404fd744efdd5b?s=96&d=mm&r=g\",\"url\":\"https:\\\/\\\/secure.gravatar.com\\\/avatar\\\/38a5e03a4bf65a807524f4da9168ec60580bf0ab0e89b27fd3404fd744efdd5b?s=96&d=mm&r=g\",\"contentUrl\":\"https:\\\/\\\/secure.gravatar.com\\\/avatar\\\/38a5e03a4bf65a807524f4da9168ec60580bf0ab0e89b27fd3404fd744efdd5b?s=96&d=mm&r=g\",\"caption\":\"sara\"}}]}<\/script>\n<!-- \/ Yoast SEO plugin. -->","yoast_head_json":{"title":"Sonia Alins presenta \"Somni creatiu\" con un concierto de jazz","description":"El concierto tendr\u00e1 lugar en la sala de barricas de la bodega de la DO Costers del Segre situada en La Pobla de C\u00e9rvoles (Lleida)","robots":{"index":"index","follow":"follow","max-snippet":"max-snippet:-1","max-image-preview":"max-image-preview:large","max-video-preview":"max-video-preview:-1"},"canonical":"https:\/\/www.masblanchijove.com\/es\/2024\/02\/26\/sonia\/","og_locale":"es_ES","og_type":"article","og_title":"Sonia Alins presenta \"Somni creatiu\" con un concierto de jazz","og_description":"El concierto tendr\u00e1 lugar en la sala de barricas de la bodega de la DO Costers del Segre situada en La Pobla de C\u00e9rvoles (Lleida)","og_url":"https:\/\/www.masblanchijove.com\/es\/2024\/02\/26\/sonia\/","og_site_name":"Mas Blanch i Jov\u00e9","article_publisher":"https:\/\/www.facebook.com\/masblanchijove","article_published_time":"2024-02-26T09:25:32+00:00","article_modified_time":"2024-02-26T10:18:45+00:00","og_image":[{"width":2200,"height":1468,"url":"https:\/\/www.masblanchijove.com\/wp-content\/uploads\/2024\/02\/sonia_alins_1.jpg","type":"image\/jpeg"}],"author":"sara","twitter_card":"summary_large_image","twitter_creator":"@masblanchijove","twitter_site":"@masblanchijove","twitter_misc":{"Escrito por":"sara","Tiempo de lectura":"2 minutos"},"schema":{"@context":"https:\/\/schema.org","@graph":[{"@type":"Article","@id":"https:\/\/www.masblanchijove.com\/es\/2024\/02\/26\/sonia\/#article","isPartOf":{"@id":"https:\/\/www.masblanchijove.com\/es\/2024\/02\/26\/sonia\/"},"author":{"name":"sara","@id":"https:\/\/www.masblanchijove.com\/es\/#\/schema\/person\/98ac124d50f1864914cddbc4fc31e1a2"},"headline":"S\u00e1bado 2 de marzo. Esposici\u00f3n \u00abSomni Creatiu\u00bb de Sonia Alins + concierto de jazz + cata de vinos y aceites","datePublished":"2024-02-26T09:25:32+00:00","dateModified":"2024-02-26T10:18:45+00:00","mainEntityOfPage":{"@id":"https:\/\/www.masblanchijove.com\/es\/2024\/02\/26\/sonia\/"},"wordCount":710,"commentCount":0,"publisher":{"@id":"https:\/\/www.masblanchijove.com\/es\/#organization"},"image":{"@id":"https:\/\/www.masblanchijove.com\/es\/2024\/02\/26\/sonia\/#primaryimage"},"thumbnailUrl":"https:\/\/www.masblanchijove.com\/wp-content\/uploads\/2024\/02\/sonia_alins_1.jpg","articleSection":["eventos"],"inLanguage":"es","potentialAction":[{"@type":"CommentAction","name":"Comment","target":["https:\/\/www.masblanchijove.com\/es\/2024\/02\/26\/sonia\/#respond"]}]},{"@type":"WebPage","@id":"https:\/\/www.masblanchijove.com\/es\/2024\/02\/26\/sonia\/","url":"https:\/\/www.masblanchijove.com\/es\/2024\/02\/26\/sonia\/","name":"Sonia Alins presenta \"Somni creatiu\" con un concierto de jazz","isPartOf":{"@id":"https:\/\/www.masblanchijove.com\/es\/#website"},"primaryImageOfPage":{"@id":"https:\/\/www.masblanchijove.com\/es\/2024\/02\/26\/sonia\/#primaryimage"},"image":{"@id":"https:\/\/www.masblanchijove.com\/es\/2024\/02\/26\/sonia\/#primaryimage"},"thumbnailUrl":"https:\/\/www.masblanchijove.com\/wp-content\/uploads\/2024\/02\/sonia_alins_1.jpg","datePublished":"2024-02-26T09:25:32+00:00","dateModified":"2024-02-26T10:18:45+00:00","description":"El concierto tendr\u00e1 lugar en la sala de barricas de la bodega de la DO Costers del Segre situada en La Pobla de C\u00e9rvoles (Lleida)","breadcrumb":{"@id":"https:\/\/www.masblanchijove.com\/es\/2024\/02\/26\/sonia\/#breadcrumb"},"inLanguage":"es","potentialAction":[{"@type":"ReadAction","target":["https:\/\/www.masblanchijove.com\/es\/2024\/02\/26\/sonia\/"]}]},{"@type":"ImageObject","inLanguage":"es","@id":"https:\/\/www.masblanchijove.com\/es\/2024\/02\/26\/sonia\/#primaryimage","url":"https:\/\/www.masblanchijove.com\/wp-content\/uploads\/2024\/02\/sonia_alins_1.jpg","contentUrl":"https:\/\/www.masblanchijove.com\/wp-content\/uploads\/2024\/02\/sonia_alins_1.jpg","width":2200,"height":1468,"caption":"S\u00f2nia Alins"},{"@type":"BreadcrumbList","@id":"https:\/\/www.masblanchijove.com\/es\/2024\/02\/26\/sonia\/#breadcrumb","itemListElement":[{"@type":"ListItem","position":1,"name":"Inici","item":"https:\/\/www.masblanchijove.com\/es\/"},{"@type":"ListItem","position":2,"name":"S\u00e1bado 2 de marzo. Esposici\u00f3n &#8220;Somni Creatiu&#8221; de Sonia Alins + concierto de jazz + cata de vinos y aceites"}]},{"@type":"WebSite","@id":"https:\/\/www.masblanchijove.com\/es\/#website","url":"https:\/\/www.masblanchijove.com\/es\/","name":"Mas Blanch i Jov\u00e9","description":"Mas Blanch i Jov\u00e9","publisher":{"@id":"https:\/\/www.masblanchijove.com\/es\/#organization"},"potentialAction":[{"@type":"SearchAction","target":{"@type":"EntryPoint","urlTemplate":"https:\/\/www.masblanchijove.com\/es\/?s={search_term_string}"},"query-input":{"@type":"PropertyValueSpecification","valueRequired":true,"valueName":"search_term_string"}}],"inLanguage":"es"},{"@type":"Organization","@id":"https:\/\/www.masblanchijove.com\/es\/#organization","name":"Mas Blanch i Jov\u00e9","url":"https:\/\/www.masblanchijove.com\/es\/","logo":{"@type":"ImageObject","inLanguage":"es","@id":"https:\/\/www.masblanchijove.com\/es\/#\/schema\/logo\/image\/","url":"https:\/\/www.masblanchijove.com\/wp-content\/uploads\/2018\/03\/LogoMasBlanchiJove_gris_gran.png","contentUrl":"https:\/\/www.masblanchijove.com\/wp-content\/uploads\/2018\/03\/LogoMasBlanchiJove_gris_gran.png","width":508,"height":173,"caption":"Mas Blanch i Jov\u00e9"},"image":{"@id":"https:\/\/www.masblanchijove.com\/es\/#\/schema\/logo\/image\/"},"sameAs":["https:\/\/www.facebook.com\/masblanchijove","https:\/\/x.com\/masblanchijove","https:\/\/www.instagram.com\/masblanchijove\/"]},{"@type":"Person","@id":"https:\/\/www.masblanchijove.com\/es\/#\/schema\/person\/98ac124d50f1864914cddbc4fc31e1a2","name":"sara","image":{"@type":"ImageObject","inLanguage":"es","@id":"https:\/\/secure.gravatar.com\/avatar\/38a5e03a4bf65a807524f4da9168ec60580bf0ab0e89b27fd3404fd744efdd5b?s=96&d=mm&r=g","url":"https:\/\/secure.gravatar.com\/avatar\/38a5e03a4bf65a807524f4da9168ec60580bf0ab0e89b27fd3404fd744efdd5b?s=96&d=mm&r=g","contentUrl":"https:\/\/secure.gravatar.com\/avatar\/38a5e03a4bf65a807524f4da9168ec60580bf0ab0e89b27fd3404fd744efdd5b?s=96&d=mm&r=g","caption":"sara"}}]}},"_links":{"self":[{"href":"https:\/\/www.masblanchijove.com\/es\/wp-json\/wp\/v2\/posts\/8146","targetHints":{"allow":["GET"]}}],"collection":[{"href":"https:\/\/www.masblanchijove.com\/es\/wp-json\/wp\/v2\/posts"}],"about":[{"href":"https:\/\/www.masblanchijove.com\/es\/wp-json\/wp\/v2\/types\/post"}],"author":[{"embeddable":true,"href":"https:\/\/www.masblanchijove.com\/es\/wp-json\/wp\/v2\/users\/6"}],"replies":[{"embeddable":true,"href":"https:\/\/www.masblanchijove.com\/es\/wp-json\/wp\/v2\/comments?post=8146"}],"version-history":[{"count":2,"href":"https:\/\/www.masblanchijove.com\/es\/wp-json\/wp\/v2\/posts\/8146\/revisions"}],"predecessor-version":[{"id":8163,"href":"https:\/\/www.masblanchijove.com\/es\/wp-json\/wp\/v2\/posts\/8146\/revisions\/8163"}],"wp:featuredmedia":[{"embeddable":true,"href":"https:\/\/www.masblanchijove.com\/es\/wp-json\/wp\/v2\/media\/8149"}],"wp:attachment":[{"href":"https:\/\/www.masblanchijove.com\/es\/wp-json\/wp\/v2\/media?parent=8146"}],"wp:term":[{"taxonomy":"category","embeddable":true,"href":"https:\/\/www.masblanchijove.com\/es\/wp-json\/wp\/v2\/categories?post=8146"},{"taxonomy":"post_tag","embeddable":true,"href":"https:\/\/www.masblanchijove.com\/es\/wp-json\/wp\/v2\/tags?post=8146"}],"curies":[{"name":"wp","href":"https:\/\/api.w.org\/{rel}","templated":true}]}}